[{"@context":"https:\/\/schema.org\/","@type":"Article","@id":"https:\/\/www.nobaf.sk\/koniec-slobody-internetu\/#Article","mainEntityOfPage":"https:\/\/www.nobaf.sk\/koniec-slobody-internetu\/","headline":"Koniec slobody internetu?","name":"Koniec slobody internetu?","description":"Aj takto to mnoh\u00fd naz\u00fdvaj\u00fa, ke\u010f\u017ee Eur\u00f3pska \u00fania nadviazala na svoje minuloro\u010dn\u00e9 s\u013euby a\u00a0jej parlament ods\u00fahlasil\u00a0 \u010dl\u00e1nok 13, ktor\u00fd s\u013eubuje vyrie\u0161enie autorsk\u00fdch pr\u00e1v a\u00a0podstatne vy\u0161\u0161iu zodpovednos\u0165 za zdie\u013ean\u00fd obsah. Na [&hellip;]","datePublished":"2019-02-03","dateModified":"2019-02-03","author":{"@type":"Person","@id":"https:\/\/www.nobaf.sk\/author\/devene\/#Person","name":"devene","url":"https:\/\/www.nobaf.sk\/author\/devene\/","identifier":1,"image":{"@type":"ImageObject","@id":"https:\/\/secure.gravatar.com\/avatar\/b74f056f0354b8ee50fcd0e6106aa964423477cb93024726458fce7ffd63d5d8?s=96&d=mm&r=g","url":"https:\/\/secure.gravatar.com\/avatar\/b74f056f0354b8ee50fcd0e6106aa964423477cb93024726458fce7ffd63d5d8?s=96&d=mm&r=g","height":96,"width":96}},"publisher":{"@type":"Organization","name":"nobaf.sk","logo":{"@type":"ImageObject","@id":"\/logo.png","url":"\/logo.png","width":600,"height":60}},"image":{"@type":"ImageObject","@id":"https:\/\/www.nobaf.sk\/wp-content\/uploads\/img_a299145_w16692_t1554311005.jpg","url":"https:\/\/www.nobaf.sk\/wp-content\/uploads\/img_a299145_w16692_t1554311005.jpg","height":0,"width":0},"url":"https:\/\/www.nobaf.sk\/koniec-slobody-internetu\/","wordCount":371,"articleBody":"Aj takto to mnoh\u00fd naz\u00fdvaj\u00fa, ke\u010f\u017ee Eur\u00f3pska \u00fania nadviazala na svoje minuloro\u010dn\u00e9 s\u013euby a\u00a0jej parlament ods\u00fahlasil\u00a0 \u010dl\u00e1nok 13, ktor\u00fd s\u013eubuje vyrie\u0161enie autorsk\u00fdch pr\u00e1v a\u00a0podstatne vy\u0161\u0161iu zodpovednos\u0165 za zdie\u013ean\u00fd obsah.Na \u010do to vlastne je?To sa p\u00fdtaj\u00fa mnoh\u00fd \u013eudia, ktor\u00ed svetom internetu a\u017e tak ne\u017eij\u00fa a\u00a0nevedia, o\u00a0\u010do sa od roku 2016 \u00fania sna\u017eila. Jej cie\u013eom bolo pretvori\u0165 autorsk\u00fd z\u00e1kon na internete a\u00a0oklie\u0161ti\u0165 t\u00fdch, ktor\u00ed si nepr\u00e1vom prisvojuj\u00fa virtu\u00e1lny obsah. Nie je tajomstvom, \u017ee krajiny po celom svete maj\u00fa r\u00f4zne nariadenia t\u00fdkaj\u00face sa virtu\u00e1lneho zdie\u013eania. D\u00e1 sa v\u0161ak poveda\u0165, \u017ee eur\u00f3pske krajiny boli od takejto reality vzdialen\u00e9. Teraz sa raduj\u00fa ve\u013ek\u00fd producenti a\u00a0vlastn\u00edci internetov\u00fdch str\u00e1nok, alebo in\u00fdch autorsk\u00fdch diel. Ich zdie\u013eanie nebude mo\u017en\u00e9.Soci\u00e1lne siete To je to, \u010do mnoh\u00fdch frustruje najviac. Na rozdiel od str\u00e1nok ako Wikipedia, ktor\u00e1 protestovala proti zavedeniu oklie\u0161\u0165uj\u00facich doplnkov, soci\u00e1lne siete ako Facebook, Instagram alebo Youtube bud\u00fa n\u00faten\u00e9 e\u0161te viac ako doteraz cenzurova\u0165 ne\u017eelan\u00fd obsah. Ako? Nasaden\u00edm filtrov alebo umelej inteligencie, ktor\u00e1 bude monitorova\u0165 a\u00a0pozorova\u0165 va\u0161u \u010dinnos\u0165 na internete. Pochopite\u013ene s\u00fa z\u00a0toho najviac otrasen\u00ed \u013eudia, ktor\u00ed si na soci\u00e1lnych sie\u0165ach privyr\u00e1baj\u00fa komentovan\u00edm r\u00f4zneho obsahu. T\u00ed nebud\u00fa ma\u0165 v\u00a0bud\u00facnosti in\u00fa mo\u017enos\u0165, ako sa svojej \u010dinnosti presta\u0165 venova\u0165.E\u0161te sa d\u00e1 ujs\u0165?Mnoh\u00ed \u013eudia s\u00fa zhrozen\u00ed z\u00a0nariadenia, ktor\u00e9 nadobudne svoju funk\u010dnos\u0165 za p\u00e1r rokov. Je tu v\u0161ak mo\u017enos\u0165, \u017ee sa vyhneme tak\u00e9muto katastrofick\u00e9mu scen\u00e1ru. Protestovanie nie len webov\u00fdch str\u00e1nok, ale aj samotn\u00fdch \u013eud\u00ed prin\u00e1\u0161a ovocie, \u010do by mohlo plati\u0165 aj v\u00a0tomto pr\u00edpade. Treba samozrejme vy\u010dka\u0165, ako sa zachovaj\u00fa ostatn\u00e9 \u0161t\u00e1ty a\u00a0samotn\u00fd Brusel. Niektor\u00ed politici si myslia, \u017ee tu cenz\u00fara napriek tomu nebude plati\u0165. Je v\u0161ak ot\u00e1zne, nako\u013eko bude m\u00f4c\u0165 nie len oby\u010dajn\u00fd \u010dlovek, ale aj ve\u013ek\u00e9 firmy ako Google zdie\u013ea\u0165 obsah z\u00a0in\u00fdch internetov\u00fdch str\u00e1nok.                                                                                                                                                                                                                                                                                                                                                                                        3\/5 - (7 votes)        "},{"@context":"https:\/\/schema.org\/","@type":"BreadcrumbList","itemListElement":[{"@type":"ListItem","position":1,"name":"Koniec slobody internetu?","item":"https:\/\/www.nobaf.sk\/koniec-slobody-internetu\/#breadcrumbitem"}]}]