[{"@context":"https:\/\/schema.org\/","@type":"Article","@id":"https:\/\/www.nobaf.sk\/chcete-dokonale-zariadit-vas-priestor\/#Article","mainEntityOfPage":"https:\/\/www.nobaf.sk\/chcete-dokonale-zariadit-vas-priestor\/","headline":"Chcete dokonale zariadi\u0165 v\u00e1\u0161 priestor?","name":"Chcete dokonale zariadi\u0165 v\u00e1\u0161 priestor?","description":"V \u017eivote sa ob\u010das stret\u00e1vame s ve\u013emi pozit\u00edvnou, hoci n\u00e1ro\u010dnou potrebou- so zaria\u010fovan\u00edm domova \u010di na\u0161ich priestorov. Skr\u00e1tka s potrebou zariadi\u0165 alebo zrekon\u0161truova\u0165 interi\u00e9r. A dos\u0165 \u010dasu tu zaberie u\u017e [&hellip;]","datePublished":"2021-10-17","dateModified":"2023-11-27","author":{"@type":"Person","@id":"https:\/\/www.nobaf.sk\/author\/devene\/#Person","name":"devene","url":"https:\/\/www.nobaf.sk\/author\/devene\/","identifier":1,"image":{"@type":"ImageObject","@id":"https:\/\/secure.gravatar.com\/avatar\/b74f056f0354b8ee50fcd0e6106aa964423477cb93024726458fce7ffd63d5d8?s=96&d=mm&r=g","url":"https:\/\/secure.gravatar.com\/avatar\/b74f056f0354b8ee50fcd0e6106aa964423477cb93024726458fce7ffd63d5d8?s=96&d=mm&r=g","height":96,"width":96}},"publisher":{"@type":"Organization","name":"nobaf.sk","logo":{"@type":"ImageObject","@id":"\/logo.png","url":"\/logo.png","width":600,"height":60}},"image":{"@type":"ImageObject","@id":"https:\/\/www.nobaf.sk\/wp-content\/uploads\/obr%C3%A1zok_2021-12-17_070907.png","url":"https:\/\/www.nobaf.sk\/wp-content\/uploads\/obr%C3%A1zok_2021-12-17_070907.png","height":0,"width":0},"url":"https:\/\/www.nobaf.sk\/chcete-dokonale-zariadit-vas-priestor\/","video":{"@context":"http:\/\/schema.org\/","@type":"VideoObject","@id":"https:\/\/www.youtube.com\/watch?v=C9v_vEwretM#VideoObject","contentUrl":"https:\/\/www.youtube.com\/watch?v=C9v_vEwretM","name":"Rodinn\u00fd domek s mnoha neot\u0159el\u00fdmi n\u00e1pady, kter\u00e9 se mohou hodit i v\u00e1m","description":"Nav\u0161t\u00edvili jsme rodinn\u00fd d\u016fm, ve kter\u00e9m se design\u00e9r David \u0160est\u00e1k a bytov\u00e1 stylistka B\u00e1ra Holcov\u00e1 doslova vy\u0159\u00e1dili. V\u011b\u0159\u00edme, \u017ee se bude l\u00edbit i v\u00e1m. Vydejte se s n\u00e1mi na prohl\u00eddku.\nNajdete n\u00e1s tak\u00e9 na: https:\/\/www.homeincube.cz\/\nSledujte n\u00e1\u0161 FB: https:\/\/www.facebook.com\/HOMEINCUBE\/?ref=aymt_homepage_panel","thumbnailUrl":["https:\/\/i.ytimg.com\/vi\/C9v_vEwretM\/default.jpg","https:\/\/i.ytimg.com\/vi\/C9v_vEwretM\/mqdefault.jpg","https:\/\/i.ytimg.com\/vi\/C9v_vEwretM\/hqdefault.jpg","https:\/\/i.ytimg.com\/vi\/C9v_vEwretM\/sddefault.jpg","https:\/\/i.ytimg.com\/vi\/C9v_vEwretM\/maxresdefault.jpg"],"uploadDate":"2020-06-24T20:01:28+00:00","duration":"PT4M37S","embedUrl":"https:\/\/www.youtube.com\/embed\/C9v_vEwretM","publisher":{"@type":"Organization","@id":"https:\/\/www.youtube.com\/channel\/UCy_3yapi3nw0FLbfOtxQk1Q#Organization","url":"https:\/\/www.youtube.com\/channel\/UCy_3yapi3nw0FLbfOtxQk1Q","name":"HOME IN CUBE","description":"Ahoj jsme duchem mlad\u00fd t\u00fdm, kter\u00fd p\u0159ipravuje report\u00e1\u017ee o bydlen\u00ed. A proto\u017ee u\u017e m\u00e1me leccos odbydleno, m\u016f\u017eeme si dovolit v\u00e1m poradit. Nic v\u00edc v\u00e1s toti\u017e nenau\u010d\u00ed o sv\u00e9m domov\u011b l\u00e9pe p\u0159em\u00fd\u0161let, jako bydlen\u00ed na mnoha m\u00edstech a v r\u016fzn\u00fdch typech byt\u016f a dom\u016f. \nPokud si r\u00e1di n\u011bco vyrob\u00edte, pak pr\u00e1v\u011b pro v\u00e1s tu jsou na\u0161e videa s n\u00e1pady, jak si doma n\u011bco vyrobit. Uvid\u00edte n\u00e1vod, dostanete p\u0159esn\u00e9 informace za kolik a kde koupit pou\u017eit\u00e9 materi\u00e1ly a to nejd\u016fle\u017eit\u011bj\u0161\u00ed, kolik nad t\u00edm str\u00e1v\u00edte \u010dasu.\nO bydlen\u00ed zaj\u00edm\u00e1me celosv\u011btov\u011b, p\u0159in\u00e1\u0161\u00edme i videa z mezin\u00e1rodn\u00edch veletrh\u016f, kde nat\u00e1\u010d\u00edme v\u0161e co n\u00e1m p\u0159ijde praktick\u00e9, ul\u00edtl\u00e9...zkr\u00e1tka v\u0161e o \u010dem jsme p\u0159esv\u011bd\u010deni, \u017ee byste m\u011bli vid\u011bt a zn\u00e1t.\nA proto\u017ee k bydlen\u00ed neodmysliteln\u011b pat\u0159\u00ed i p\u0159\u00edroda, m\u00e1me pro v\u00e1s zaj\u00edmav\u00e9 tipy jak si ozelenit sv\u00e9 okno a balkon nebo vyp\u011bstovat vlastn\u00ed raj\u010data.\nDotazy pi\u0161te na lenka@homeincube.cz a inspiraci nach\u00e1zejte i v na\u0161em \u010dasopise na www.homeincube.cz","logo":{"url":"https:\/\/yt3.ggpht.com\/ytc\/AIdro_n0fuw5fH63xQn9WwwXGlFuPyLW4eeYUObEY4MZtHwLNw=s800-c-k-c0x00ffffff-no-rj","width":800,"height":800,"@type":"ImageObject","@id":"https:\/\/www.youtube.com\/watch?v=C9v_vEwretM#VideoObject_publisher_logo_ImageObject"}},"potentialAction":{"@type":"SeekToAction","@id":"https:\/\/www.youtube.com\/watch?v=C9v_vEwretM#VideoObject_potentialAction","target":"https:\/\/www.youtube.com\/watch?v=C9v_vEwretM&t={seek_to_second_number}","startOffset-input":"required name=seek_to_second_number"},"interactionStatistic":[[{"@type":"InteractionCounter","@id":"https:\/\/www.youtube.com\/watch?v=C9v_vEwretM#VideoObject_interactionStatistic_WatchAction","interactionType":{"@type":"WatchAction"},"userInteractionCount":50135}],{"@type":"InteractionCounter","@id":"https:\/\/www.youtube.com\/watch?v=C9v_vEwretM#VideoObject_interactionStatistic_LikeAction","interactionType":{"@type":"LikeAction"},"userInteractionCount":209}]},"about":["Financie"],"wordCount":387,"articleBody":" V \u017eivote sa ob\u010das stret\u00e1vame s ve\u013emi pozit\u00edvnou, hoci n\u00e1ro\u010dnou potrebou- so zaria\u010fovan\u00edm domova \u010di na\u0161ich priestorov. Skr\u00e1tka s potrebou zariadi\u0165 alebo zrekon\u0161truova\u0165 interi\u00e9r.A dos\u0165 \u010dasu tu zaberie u\u017e len samotn\u00e9 pl\u00e1novanie- preto\u017ee na v\u00fdber m\u00e1me ve\u013ea vari\u00e1nt a mo\u017enost\u00ed, ako tento priestor doladi\u0165 k dokonalosti, minim\u00e1lne aspo\u0148 k funk\u010dn\u00fdm a dostato\u010dne estetick\u00fdm z\u00e1kladom. A ke\u010f u\u017e m\u00e1me ako tak\u00fa predstavu, mus\u00edme sa uisti\u0165, \u017ee t\u00e1to bude sp\u013a\u0148a\u0165 aj praktick\u00e9 predpoklady, \u017ee pri realiz\u00e1cii nevznikn\u00fa probl\u00e9my ako napr\u00edklad nedostatok miesta, stiesnen\u00fd a tmav\u00fd priestor, indispoz\u00edcia elektrick\u00fdch z\u00e1suviek, \u010di disharm\u00f3nia vybran\u00fdch farieb a materi\u00e1lov.Preto\u017ee pri danom procese treba r\u00e1ta\u0165 s t\u00fdm, \u017ee tieto priestory bud\u00fa pravdepodobne ob\u00fdvan\u00e9 cel\u00e9 dlh\u00e9 roky a to, ako bud\u00fa zariaden\u00e9, sa potom podp\u00ed\u0161e pod funk\u010dn\u00e9, komfortn\u00e9, estetick\u00e9, ale aj \u00fasporn\u00e9 vlastnosti tak\u00fdchto priestorov. \u00c1no, dost\u00e1vame sa tie\u017e k tomu, \u017ee je tu vhodn\u00e9 myslie\u0165 na energetick\u00e9 rie\u0161enia a teda na to, aby sa v interi\u00e9ri pracovalo s energiami efekt\u00edvne, hoci v r\u00e1mci mo\u017enost\u00ed \u00fasporne. A u\u0161etri\u0165 sa d\u00e1 aj na samotn\u00fdch n\u00e1kladoch za zaria\u010fovanie \u010di rekon\u0161trukciu, pokia\u013e m\u00e1te veci dobre premyslen\u00e9 a vyberiete cenovo vhodnej\u0161ie a vlastne ide\u00e1lne alternat\u00edvy pre konkr\u00e9tne miestnosti. Najdrah\u0161ie materi\u00e1ly, n\u00e1bytok a doplnky e\u0161te automaticky neznamenaj\u00fa, \u017ee ide o najvhodnej\u0161iu vo\u013ebu pr\u00e1ve pre v\u00e1s a v\u00e1\u0161 interi\u00e9r.https:\/\/youtu.be\/C9v_vEwretMAby ste toto v\u0161etko ale \u00faplne dokonali odhadli a napl\u00e1novali, k tomu v\u00e1m skr\u00e1tka bude musie\u0165 pom\u00f4c\u0165 odborn\u00edk. V tomto pr\u00edpade interi\u00e9rov\u00fd architekt alebo dizajn\u00e9r.V takom pr\u00edpade sa dostanete do f\u00e1zy, kedy budete h\u013eada\u0165 a n\u00e1sledne kontaktova\u0165 odborn\u00edka, ktor\u00fd by v\u00e1m a va\u0161im predstav\u00e1m, no predov\u0161etk\u00fdm va\u0161im priestorom porozumel. A nezameral by sa pritom iba na estetiku, ale tie\u017e na vy\u0161\u0161ie spomenut\u00e9 faktory. Bonaparte je napr\u00edklad jeden z projektov, ako by mohol takto profesion\u00e1lne zariaden\u00fd interi\u00e9r vyzera\u0165.                                                                                                                                                                                                                                                                                                                                                                                         4.4\/5 - (10 votes)        "},{"@context":"https:\/\/schema.org\/","@type":"BreadcrumbList","itemListElement":[{"@type":"ListItem","position":1,"name":"Chcete dokonale zariadi\u0165 v\u00e1\u0161 priestor?","item":"https:\/\/www.nobaf.sk\/chcete-dokonale-zariadit-vas-priestor\/#breadcrumbitem"}]}]