[{"@context":"https:\/\/schema.org\/","@type":"Article","@id":"https:\/\/www.nobaf.sk\/blizi-sa-kriza\/#Article","mainEntityOfPage":"https:\/\/www.nobaf.sk\/blizi-sa-kriza\/","headline":"Bl\u00ed\u017ei sa kr\u00edza?","name":"Bl\u00ed\u017ei sa kr\u00edza?","description":"Mnoh\u00ed ekon\u00f3movia predpokladaj\u00fa, \u017ee v\u00a0najbli\u017e\u0161om obdob\u00ed nastane hospod\u00e1rska kr\u00edza. Nasved\u010dovalo by tomu aj percento nezamestnanosti, ktor\u00e9 sa bl\u00ed\u017ei k\u00a0historick\u00e9mu minimu. Takto tomu bolo aj v\u00a0roku 2008, kedy bola ekonomika vo [&hellip;]","datePublished":"2019-10-17","dateModified":"2019-10-17","author":{"@type":"Person","@id":"https:\/\/www.nobaf.sk\/author\/devene\/#Person","name":"devene","url":"https:\/\/www.nobaf.sk\/author\/devene\/","identifier":1,"image":{"@type":"ImageObject","@id":"https:\/\/secure.gravatar.com\/avatar\/b74f056f0354b8ee50fcd0e6106aa964423477cb93024726458fce7ffd63d5d8?s=96&d=mm&r=g","url":"https:\/\/secure.gravatar.com\/avatar\/b74f056f0354b8ee50fcd0e6106aa964423477cb93024726458fce7ffd63d5d8?s=96&d=mm&r=g","height":96,"width":96}},"publisher":{"@type":"Organization","name":"nobaf.sk","logo":{"@type":"ImageObject","@id":"\/logo.png","url":"\/logo.png","width":600,"height":60}},"image":{"@type":"ImageObject","@id":"https:\/\/www.nobaf.sk\/wp-content\/uploads\/img_a307558_w16762_t1571925414.jpg","url":"https:\/\/www.nobaf.sk\/wp-content\/uploads\/img_a307558_w16762_t1571925414.jpg","height":0,"width":0},"url":"https:\/\/www.nobaf.sk\/blizi-sa-kriza\/","about":["Financie"],"wordCount":387,"articleBody":"Mnoh\u00ed ekon\u00f3movia predpokladaj\u00fa, \u017ee v\u00a0najbli\u017e\u0161om obdob\u00ed nastane hospod\u00e1rska kr\u00edza. Nasved\u010dovalo by tomu aj percento nezamestnanosti, ktor\u00e9 sa bl\u00ed\u017ei k\u00a0historick\u00e9mu minimu. Takto tomu bolo aj v\u00a0roku 2008, kedy bola ekonomika vo vynikaj\u00facej forme a\u00a0nezamestnanos\u0165 bola na historickom minime. V\u00a0dne\u0161nej dobe sme ju u\u017e asi aj prekonali a\u00a0preto sa nat\u00edska ot\u00e1zka, \u010di sa bude hist\u00f3ria opakova\u0165 alebo percento nezamestnanosti bude e\u0161te st\u00e1le klesa\u0165? \u010ci znova porastie?Odpoveda\u0165 na ot\u00e1zku, \u010di pr\u00edde znova hospod\u00e1rska kr\u00edza, nie je \u013eahk\u00e9. Nikto nevie, \u010do sa m\u00f4\u017ee sta\u0165. No, mnoh\u00e9 z\u00e1vody u\u017e pracuj\u00fa len \u0161tyri dni v\u00a0t\u00fd\u017edni, preto\u017ee nie je to\u013eko pr\u00e1ce, aby pracovali cel\u00fd pracovn\u00fd t\u00fd\u017ede\u0148. V\u00a0niektor\u00fdch firm\u00e1ch sa vyhadzuje a\u00a0z\u00e1ujemcovia o\u00a0pr\u00e1cu sa boja nastupova\u0165 do t\u00fdchto firiem, aby ich nevyhodili hne\u010f, ke\u010f pr\u00edde kr\u00edza.. preto\u017ee ako prv\u00fd p\u00f4jdu t\u00ed, \u010do pri\u0161li ako posledn\u00ed. Neplat\u00ed pravidlo ako v\u00a0sklade First in, first out.Hospod\u00e1rska je potrebn\u00e1 vec. Nielen ekonomicky, ale aj pre samotn\u00fdch \u013eud\u00ed. Aby si uvedomili, \u017ee pr\u00e1ca je nie\u010do, \u010do je potrebn\u00e9 a\u00a0netreba zbyto\u010dne vyskakova\u0165 do \u0161\u00e9fa, preto\u017ee ke\u010f pr\u00edde kr\u00edza, tak v\u00e1s po\u013eahky m\u00f4\u017ee hne\u010f vyhodi\u0165. Nedostatok pracovn\u00fdch miest je nie\u010do, \u010do motivuje \u013eud\u00ed, aby sa odl\u00ed\u0161ili od ostatn\u00fdch z\u00e1ujemcov. Aby mali nie\u010do na vrch. Aby mali, \u010do pon\u00faknu\u0165 svojmu bud\u00facemu zamestn\u00e1vate\u013eovi. Nejak\u00fd kurz, \u0161kolenie alebo nie\u010do podobn\u00e9, \u010do v\u00e1s odl\u00ed\u0161i.Takou zauj\u00edmavos\u0165ou, ktor\u00e1 sa zistila na \u0161tatistickom \u00farade Slovenskej republiky je, \u017ee hospod\u00e1rska kr\u00edza prispela k\u00a0zv\u00fd\u0161en\u00e9mu po\u010datiu a\u00a0narodeniu det\u00ed. Pre\u010do je to tak? Ve\u013emi jednoducho a\u00a0stru\u010dne v\u00e1m m\u00f4\u017eem poveda\u0165, \u017ee ke\u010f m\u00e1te mal\u00e9 b\u00e1b\u00e4tko m\u00e1te zaru\u010den\u00fd ka\u017edomesa\u010dn\u00fd pr\u00edjem. To sa oplat\u00ed, ke\u010f v\u00e1s vyhodia z\u00a0pr\u00e1ce a\u00a0neviete si n\u00e1js\u0165 druh\u00e9 zamestnanie, m\u00e1te ako z\u00edska\u0165 zaru\u010den\u00fd pr\u00edjem od \u0161t\u00e1tu. Hoci to nie s\u00fa nejak\u00e9 ve\u013ek\u00e9 sumy, st\u00e1le je to lep\u0161ie ako ni\u010d. No nie?                                                                                                                                                                                                                                                                                                                                                                                        3.6\/5 - (5 votes)        "},{"@context":"https:\/\/schema.org\/","@type":"BreadcrumbList","itemListElement":[{"@type":"ListItem","position":1,"name":"Bl\u00ed\u017ei sa kr\u00edza?","item":"https:\/\/www.nobaf.sk\/blizi-sa-kriza\/#breadcrumbitem"}]}]